{"id":1239,"date":"2025-12-03T14:57:01","date_gmt":"2025-12-03T13:57:01","guid":{"rendered":"https:\/\/kozackaczytelnia.pl\/?p=1239"},"modified":"2025-12-03T14:57:29","modified_gmt":"2025-12-03T13:57:29","slug":"co-bede-czytac-przed-koncem-2025-roku","status":"publish","type":"post","link":"https:\/\/kozackaczytelnia.pl\/index.php\/2025\/12\/03\/co-bede-czytac-przed-koncem-2025-roku\/","title":{"rendered":"Co b\u0119d\u0119 czyta\u0107 przed ko\u0144cem 2025 roku?"},"content":{"rendered":"\n<p>Stosik wygl\u0105da na spory, natomiast nie s\u0105 to ani grube ani specjalnie wymagaj\u0105ce tytu\u0142y. Zobacz, co mam w planach. Mo\u017ce znajdziesz tu co\u015b dla siebie?<\/p>\n\n\n\n<h2 class=\"wp-block-heading\">Chcia\u0142am co\u015b \u015bwi\u0105teczno &#8211; zimowego, wi\u0119c bardzo prosz\u0119!<\/h2>\n\n\n\n<p><em>Gwiazdka. Opowie\u015b\u0107 przedwigilijna<\/em> Ingvild H. Rishoy i <em>Zima <\/em>Ali Smith wydaj\u0105 si\u0119 w sam raz. T\u0119 drug\u0105 pocz\u0105tkowo planowa\u0142am przeczyta\u0107 jako\u015b w styczniu, mo\u017ce lutym. Natomiast dosta\u0142am polecajk\u0119, aby si\u0119gn\u0105\u0107 po ni\u0105 jeszcze przed Bo\u017cym Narodzeniem. Zatem zaufa\u0142am i wypo\u017cyczy\u0142am j\u0105 z biblioteki jeszcze w grudniu. Zobaczymy, czy by\u0142o warto. I czy uda mi si\u0119 zrobi\u0107 z ni\u0105 jakie\u015b zimowe zdj\u0119cie. Zimy w moim mie\u015bcie nie s\u0105 zbyt \u0142askawe \ud83d\ude09<\/p>\n\n\n\n<figure class=\"wp-block-gallery has-nested-images columns-default is-cropped wp-block-gallery-1 is-layout-flex wp-block-gallery-is-layout-flex\">\n<figure class=\"wp-block-image size-large\"><img loading=\"lazy\" decoding=\"async\" width=\"1439\" height=\"2560\" data-id=\"1245\" src=\"https:\/\/kozackaczytelnia.pl\/wp-content\/uploads\/2025\/12\/IMG_9717-1-edited-scaled.jpeg\" alt=\"\" class=\"wp-image-1245\" srcset=\"https:\/\/kozackaczytelnia.pl\/wp-content\/uploads\/2025\/12\/IMG_9717-1-edited-scaled.jpeg 1439w, https:\/\/kozackaczytelnia.pl\/wp-content\/uploads\/2025\/12\/IMG_9717-1-edited-169x300.jpeg 169w, https:\/\/kozackaczytelnia.pl\/wp-content\/uploads\/2025\/12\/IMG_9717-1-edited-576x1024.jpeg 576w, https:\/\/kozackaczytelnia.pl\/wp-content\/uploads\/2025\/12\/IMG_9717-1-edited-768x1366.jpeg 768w, https:\/\/kozackaczytelnia.pl\/wp-content\/uploads\/2025\/12\/IMG_9717-1-edited-864x1536.jpeg 864w, https:\/\/kozackaczytelnia.pl\/wp-content\/uploads\/2025\/12\/IMG_9717-1-edited-1151x2048.jpeg 1151w, https:\/\/kozackaczytelnia.pl\/wp-content\/uploads\/2025\/12\/IMG_9717-1-edited-225x400.jpeg 225w\" sizes=\"auto, (max-width: 1439px) 100vw, 1439px\" \/><figcaption class=\"wp-element-caption\"><i>Gwiazd<\/i><em>ka. opowie\u015b\u0107 przedwigilijna <\/em>Ingvild H. Rishoi<\/figcaption><\/figure>\n<\/figure>\n\n\n\n<figure class=\"wp-block-gallery has-nested-images columns-default is-cropped wp-block-gallery-2 is-layout-flex wp-block-gallery-is-layout-flex\">\n<figure class=\"wp-block-image size-large\"><img loading=\"lazy\" decoding=\"async\" width=\"1439\" height=\"2560\" data-id=\"1244\" src=\"https:\/\/kozackaczytelnia.pl\/wp-content\/uploads\/2025\/12\/IMG_9718-edited-scaled.jpeg\" alt=\"\" class=\"wp-image-1244\" srcset=\"https:\/\/kozackaczytelnia.pl\/wp-content\/uploads\/2025\/12\/IMG_9718-edited-scaled.jpeg 1439w, https:\/\/kozackaczytelnia.pl\/wp-content\/uploads\/2025\/12\/IMG_9718-edited-169x300.jpeg 169w, https:\/\/kozackaczytelnia.pl\/wp-content\/uploads\/2025\/12\/IMG_9718-edited-576x1024.jpeg 576w, https:\/\/kozackaczytelnia.pl\/wp-content\/uploads\/2025\/12\/IMG_9718-edited-768x1366.jpeg 768w, https:\/\/kozackaczytelnia.pl\/wp-content\/uploads\/2025\/12\/IMG_9718-edited-864x1536.jpeg 864w, https:\/\/kozackaczytelnia.pl\/wp-content\/uploads\/2025\/12\/IMG_9718-edited-1151x2048.jpeg 1151w, https:\/\/kozackaczytelnia.pl\/wp-content\/uploads\/2025\/12\/IMG_9718-edited-225x400.jpeg 225w\" sizes=\"auto, (max-width: 1439px) 100vw, 1439px\" \/><figcaption class=\"wp-element-caption\"><em>Zima <\/em>Ali Smith<\/figcaption><\/figure>\n<\/figure>\n\n\n\n<p><\/p>\n\n\n\n<h2 class=\"wp-block-heading\">Klasyk z literatury dzieci\u0119cej, do kt\u00f3rego lubi\u0119 wraca\u0107 zim\u0105<\/h2>\n\n\n\n<p><em>Dzieci z Bullerbyn <\/em>Astrid Lindgren to jedna z moich ukochanych ksi\u0105\u017cek z dzieci\u0144stwa. Lubi\u0119 do niej wraca\u0107 do tej pory, bo wspaniale mi si\u0119 kojarzy. Najprzyjemniej jest mi j\u0105 czyta\u0107 w\u0142a\u015bnie zim\u0105, mimo \u017ce akcja tej ksi\u0105\u017cki nie dzieje si\u0119 tylko zimow\u0105 por\u0105. Ale dobrze jest wraca\u0107 wspomnieniami do tego beztroskiego czasu. No i jest tam ca\u0142y rozdzia\u0142 po\u015bwi\u0119cony Bo\u017cemu Narodzeniu w Bullerbyn!<\/p>\n\n\n<div class=\"wp-block-image\">\n<figure class=\"aligncenter size-large\"><img loading=\"lazy\" decoding=\"async\" width=\"768\" height=\"1024\" src=\"https:\/\/kozackaczytelnia.pl\/wp-content\/uploads\/2025\/12\/IMG_9719-768x1024.jpeg\" alt=\"\" class=\"wp-image-1246\" srcset=\"https:\/\/kozackaczytelnia.pl\/wp-content\/uploads\/2025\/12\/IMG_9719-768x1024.jpeg 768w, https:\/\/kozackaczytelnia.pl\/wp-content\/uploads\/2025\/12\/IMG_9719-225x300.jpeg 225w, https:\/\/kozackaczytelnia.pl\/wp-content\/uploads\/2025\/12\/IMG_9719-1152x1536.jpeg 1152w, https:\/\/kozackaczytelnia.pl\/wp-content\/uploads\/2025\/12\/IMG_9719-1536x2048.jpeg 1536w, https:\/\/kozackaczytelnia.pl\/wp-content\/uploads\/2025\/12\/IMG_9719-300x400.jpeg 300w, https:\/\/kozackaczytelnia.pl\/wp-content\/uploads\/2025\/12\/IMG_9719-scaled.jpeg 1920w\" sizes=\"auto, (max-width: 768px) 100vw, 768px\" \/><figcaption class=\"wp-element-caption\"><em>Dzieci z Bullerbyn <\/em>Astrid Lindgren<\/figcaption><\/figure>\n<\/div>\n\n\n<h2 class=\"wp-block-heading\">Seria, kt\u00f3r\u0105 zacz\u0119\u0142am czyta\u0107 spontanicznie<\/h2>\n\n\n\n<p>Czyli nowe wydanie Ani z Zielonego Wzg\u00f3rza. Przek\u0142ad Anny Ba\u0144kowskiej, w kt\u00f3rym Ania jest Anne, a Zielone Wzg\u00f3rze Zielonymi Szczytami. Mnie to odpowiada, ksi\u0105\u017cki s\u0105 pi\u0119knie wydane, dopracowane w ka\u017cdym szczeg\u00f3le. Pierwszy tom przeczyta\u0142am w pa\u017adzierniku i jako\u015b tak wysz\u0142o, \u017ce teraz ka\u017cdego kolejnego miesi\u0105ca bior\u0119 sobie nast\u0119pny do przeczytania. W grudniu czas na <i>Anne<\/i> <em>z Redmondu<\/em>. <\/p>\n\n\n<div class=\"wp-block-image\">\n<figure class=\"aligncenter size-large\"><img loading=\"lazy\" decoding=\"async\" width=\"768\" height=\"1024\" src=\"https:\/\/kozackaczytelnia.pl\/wp-content\/uploads\/2025\/12\/IMG_9721-768x1024.jpeg\" alt=\"\" class=\"wp-image-1247\" srcset=\"https:\/\/kozackaczytelnia.pl\/wp-content\/uploads\/2025\/12\/IMG_9721-768x1024.jpeg 768w, https:\/\/kozackaczytelnia.pl\/wp-content\/uploads\/2025\/12\/IMG_9721-225x300.jpeg 225w, https:\/\/kozackaczytelnia.pl\/wp-content\/uploads\/2025\/12\/IMG_9721-1152x1536.jpeg 1152w, https:\/\/kozackaczytelnia.pl\/wp-content\/uploads\/2025\/12\/IMG_9721-1536x2048.jpeg 1536w, https:\/\/kozackaczytelnia.pl\/wp-content\/uploads\/2025\/12\/IMG_9721-300x400.jpeg 300w, https:\/\/kozackaczytelnia.pl\/wp-content\/uploads\/2025\/12\/IMG_9721-scaled.jpeg 1920w\" sizes=\"auto, (max-width: 768px) 100vw, 768px\" \/><figcaption class=\"wp-element-caption\"><em>Anne z Redmondu <\/em>L. M. Montgomery<\/figcaption><\/figure>\n<\/div>\n\n\n<h2 class=\"wp-block-heading\">Na deser reporta\u017c<\/h2>\n\n\n\n<p>Lubi\u0119 literatur\u0119 non-fiction, wi\u0119c skusi\u0142am si\u0119 na &#8211; pono\u0107 &#8211; solidny reporta\u017c ekonomiczno-finansowy o nas, Polakach i o edukacji finansowej w naszym kraju. Du\u017co dobrych recenzji i sporo polece\u0144, wi\u0119c wzi\u0119\u0142am go z biblioteki. Koniec roku to dla mnie cz\u0119sto czas podsumowa\u0144, podlicze\u0144, statystyk oraz, oczywi\u015bcie, plan\u00f3w i zamierze\u0144 na ca\u0142y kolejny nowy rok. Zatem tematycznie jest to dla mnie wyb\u00f3r idealny na zamkni\u0119cie roku. Dam zna\u0107, co o nim my\u015bl\u0119!<\/p>\n\n\n<div class=\"wp-block-image\">\n<figure class=\"aligncenter size-large\"><img loading=\"lazy\" decoding=\"async\" width=\"768\" height=\"1024\" src=\"https:\/\/kozackaczytelnia.pl\/wp-content\/uploads\/2025\/12\/IMG_9720-768x1024.jpeg\" alt=\"\" class=\"wp-image-1248\" srcset=\"https:\/\/kozackaczytelnia.pl\/wp-content\/uploads\/2025\/12\/IMG_9720-768x1024.jpeg 768w, https:\/\/kozackaczytelnia.pl\/wp-content\/uploads\/2025\/12\/IMG_9720-225x300.jpeg 225w, https:\/\/kozackaczytelnia.pl\/wp-content\/uploads\/2025\/12\/IMG_9720-1152x1536.jpeg 1152w, https:\/\/kozackaczytelnia.pl\/wp-content\/uploads\/2025\/12\/IMG_9720-1536x2048.jpeg 1536w, https:\/\/kozackaczytelnia.pl\/wp-content\/uploads\/2025\/12\/IMG_9720-300x400.jpeg 300w, https:\/\/kozackaczytelnia.pl\/wp-content\/uploads\/2025\/12\/IMG_9720-scaled.jpeg 1920w\" sizes=\"auto, (max-width: 768px) 100vw, 768px\" \/><figcaption class=\"wp-element-caption\"><em>D\u0142ug. Reporta\u017ce spod kreski <\/em>Aleksandra Ga\u0142ka-Reczko<\/figcaption><\/figure>\n<\/div>","protected":false},"excerpt":{"rendered":"<p>Stosik wygl\u0105da na spory, natomiast nie s\u0105 to ani grube ani specjalnie wymagaj\u0105ce tytu\u0142y. Zobacz, co mam w planach. Mo\u017ce znajdziesz tu co\u015b dla siebie? Chcia\u0142am co\u015b \u015bwi\u0105teczno &#8211; zimowego, wi\u0119c bardzo prosz\u0119! Gwiazdka. Opowie\u015b\u0107 przedwigilijna Ingvild H. Rishoy i Zima Ali Smith wydaj\u0105 si\u0119 w sam raz. T\u0119 drug\u0105 pocz\u0105tkowo planowa\u0142am przeczyta\u0107 jako\u015b w&hellip;&nbsp;<a href=\"https:\/\/kozackaczytelnia.pl\/index.php\/2025\/12\/03\/co-bede-czytac-przed-koncem-2025-roku\/\" rel=\"bookmark\"><span class=\"screen-reader-text\">Co b\u0119d\u0119 czyta\u0107 przed ko\u0144cem 2025 roku?<\/span><\/a><\/p>\n","protected":false},"author":1,"featured_media":1240,"comment_status":"open","ping_status":"open","sticky":false,"template":"","format":"standard","meta":{"_monsterinsights_skip_tracking":false,"_monsterinsights_sitenote_active":false,"_monsterinsights_sitenote_note":"","_monsterinsights_sitenote_category":0,"neve_meta_sidebar":"","neve_meta_container":"","neve_meta_enable_content_width":"","neve_meta_content_width":0,"neve_meta_title_alignment":"","neve_meta_author_avatar":"","neve_post_elements_order":"","neve_meta_disable_header":"","neve_meta_disable_footer":"","neve_meta_disable_title":"","footnotes":""},"categories":[37],"tags":[92,157,10,16,39,289],"class_list":["post-1239","post","type-post","status-publish","format-standard","has-post-thumbnail","hentry","category-inne","tag-komiks","tag-literaturadziecieca","tag-literaturapiekna","tag-literaturapolska","tag-literaturazagraniczna","tag-planyczytelnicze"],"_links":{"self":[{"href":"https:\/\/kozackaczytelnia.pl\/index.php\/wp-json\/wp\/v2\/posts\/1239","targetHints":{"allow":["GET"]}}],"collection":[{"href":"https:\/\/kozackaczytelnia.pl\/index.php\/wp-json\/wp\/v2\/posts"}],"about":[{"href":"https:\/\/kozackaczytelnia.pl\/index.php\/wp-json\/wp\/v2\/types\/post"}],"author":[{"embeddable":true,"href":"https:\/\/kozackaczytelnia.pl\/index.php\/wp-json\/wp\/v2\/users\/1"}],"replies":[{"embeddable":true,"href":"https:\/\/kozackaczytelnia.pl\/index.php\/wp-json\/wp\/v2\/comments?post=1239"}],"version-history":[{"count":1,"href":"https:\/\/kozackaczytelnia.pl\/index.php\/wp-json\/wp\/v2\/posts\/1239\/revisions"}],"predecessor-version":[{"id":1249,"href":"https:\/\/kozackaczytelnia.pl\/index.php\/wp-json\/wp\/v2\/posts\/1239\/revisions\/1249"}],"wp:featuredmedia":[{"embeddable":true,"href":"https:\/\/kozackaczytelnia.pl\/index.php\/wp-json\/wp\/v2\/media\/1240"}],"wp:attachment":[{"href":"https:\/\/kozackaczytelnia.pl\/index.php\/wp-json\/wp\/v2\/media?parent=1239"}],"wp:term":[{"taxonomy":"category","embeddable":true,"href":"https:\/\/kozackaczytelnia.pl\/index.php\/wp-json\/wp\/v2\/categories?post=1239"},{"taxonomy":"post_tag","embeddable":true,"href":"https:\/\/kozackaczytelnia.pl\/index.php\/wp-json\/wp\/v2\/tags?post=1239"}],"curies":[{"name":"wp","href":"https:\/\/api.w.org\/{rel}","templated":true}]}}