{"id":321,"date":"2022-05-02T07:57:00","date_gmt":"2022-05-02T05:57:00","guid":{"rendered":"https:\/\/kozackaczytelnia.pl\/?p=321"},"modified":"2022-06-23T18:25:18","modified_gmt":"2022-06-23T16:25:18","slug":"piotr-mazik-i-kuba-szpilka-krupowki","status":"publish","type":"post","link":"https:\/\/kozackaczytelnia.pl\/index.php\/2022\/05\/02\/piotr-mazik-i-kuba-szpilka-krupowki\/","title":{"rendered":"Piotr Mazik i Kuba Szpilka Krup\u00f3wki"},"content":{"rendered":"\n<p>Ksi\u0105\u017ck\u0119 dosta\u0142am na ostatnie \u015bwi\u0119ta Bo\u017cego Narodzenia i cierpliwie czeka\u0142a ona na swoj\u0105 kolej. Nigdy Krup\u00f3wek na \u017cywo na tamten moment nie widzia\u0142am, wi\u0119c nie bardzo wiedzia\u0142am, z czym si\u0119 mierz\u0105 autorzy ksi\u0105\u017cki. Cho\u0107 publikacja P. Mazika i K. Szpilki nie jest przewodnikiem ani po  Krup\u00f3wkach, ani po Zakopanem. W og\u00f3le ma\u0142o tam wsp\u00f3\u0142czesno\u015bci, co postrzegam jako spory minus <em>Krup\u00f3wek.<\/em><\/p>\n\n\n\n<h2 class=\"wp-block-heading\">Nie przewodnik, czyli co?<\/h2>\n\n\n\n<p><em>Krup\u00f3wki<\/em> Piotra Mazika i Kuby Szpilki mo\u017cna, jak my\u015bl\u0119, skategoryzowa\u0107 jako ksi\u0105\u017ck\u0119 historyczn\u0105. Autorzy skupiaj\u0105 si\u0119 na przesz\u0142o\u015bci tej najpopularniejszej zakopia\u0144skiej ulicy, jak i ca\u0142ej miejscowo\u015bci. Mowa o czasach istnienia Galicji, r\u00f3wnie\u017c czas\u00f3w przedwojennych oraz okresu II wojny \u015bwiatowej. To do\u015b\u0107 ciekawy rys historyczny, oddaje ducha tamtych czas\u00f3w, mentalno\u015b\u0107 spo\u0142eczn\u0105, spos\u00f3b sp\u0119dzania czasu wolnego. Pewne wydarzenia z przesz\u0142o\u015bci t\u0142umacz\u0105 silne przekszta\u0142cenia Zakopanego i jego finalny, wsp\u00f3\u0142czesny wizerunek. Ksi\u0105\u017cka zosta\u0142a wzbogacona licznymi fotografiami, cho\u0107 nie zawsze ilustruj\u0105 one dok\u0142adnie to, o czym dany fragment opowiada.<\/p>\n\n\n\n<h2 class=\"wp-block-heading\">Troch\u0119 wsp\u00f3\u0142czesno\u015bci<\/h2>\n\n\n\n<p>Niestety czas\u00f3w wsp\u00f3\u0142czesnych w publikacji jest tyle, co kot nap\u0142aka\u0142. Skupienie si\u0119 na historii tego miejsca stanowi pewne usprawiedliwienie tego, jak obecnie Krup\u00f3wki wygl\u0105daj\u0105. Autorzy nie dali sobie powiedzie\u0107 z\u0142ego s\u0142owa na obecny stan tego niezbyt oryginalnego deptaku. By\u0107 mo\u017ce przemawia przez nich lokalny patriotyzm, bo jeden z nich jest mieszka\u0144cem Zakopanego, z kolei drugi oddalonego raptem o kilkana\u015bcie kilometr\u00f3w Ko\u015bcieliska. Chwil\u0119 przed uko\u0144czeniem ksi\u0105\u017cki mia\u0142am okazj\u0119, w ko\u0144cu, bo po raz pierwszy, przekona\u0107 si\u0119 na w\u0142asne oczy, czym s\u0105 te s\u0142ynne zakopia\u0144skie Krup\u00f3wki i nie zrobi\u0142y one na mnie ani specjalnie dobrego wra\u017cenia, ani nie r\u00f3\u017cni\u0105 si\u0119 one wielce (w mojej opinii) od chocia\u017cby sopockiego Monciaku.<\/p>\n\n\n\n<h2 class=\"wp-block-heading\">Czy polecam?<\/h2>\n\n\n\n<p>To zale\u017cy. Je\u015bli szukasz ciekawostek historycznych, albo szczeg\u00f3\u0142\u00f3w na temat dzisiejszych Krup\u00f3wek lub Zakopanego, to za wiele ich nie znajdziesz. Je\u015bli masz ju\u017c jakie\u015b podstawowe informacje o tym regionie b\u0105d\u017a jeste\u015b mi\u0142o\u015bnikiem g\u00f3r i ciekawi\u0105 Ci\u0119 miejscowo\u015bci g\u00f3rskie, to jest szansa, \u017ce publikacja do Ciebie trafi. <em>Krup\u00f3wki <\/em>czyta\u0142o mi si\u0119 jednak do\u015b\u0107 chaotycznie, bo mimo dw\u00f3ch autor\u00f3w nie widzia\u0142am jakiego\u015b wyra\u017anego dialogu mi\u0119dzy ich wypowiedziami. Ot, ka\u017cdy sobie co\u015b na wybrany temat napisa\u0142 i jako\u015b to zlepiono w ca\u0142o\u015b\u0107. Troch\u0119 szkoda. Mia\u0142abym z pewno\u015bci\u0105 lepszy odbi\u00f3r ksi\u0105\u017cki, gdyby by\u0142a ona w jaki\u015b spos\u00f3b uporz\u0105dkowana.<\/p>\n\n\n\n<h2 class=\"wp-block-heading\">Moja ocena: \u2605\u2605\u2605\u2605\u2605\u2605\u2606\u2606\u2606\u2606<\/h2>\n\n\n<div class=\"wp-block-image\">\n<figure class=\"aligncenter size-large\"><img loading=\"lazy\" decoding=\"async\" width=\"768\" height=\"1024\" src=\"https:\/\/kozackaczytelnia.pl\/wp-content\/uploads\/2022\/06\/Krupowki-2-768x1024.jpg\" alt=\"\" class=\"wp-image-426\" srcset=\"https:\/\/kozackaczytelnia.pl\/wp-content\/uploads\/2022\/06\/Krupowki-2-768x1024.jpg 768w, https:\/\/kozackaczytelnia.pl\/wp-content\/uploads\/2022\/06\/Krupowki-2-225x300.jpg 225w, https:\/\/kozackaczytelnia.pl\/wp-content\/uploads\/2022\/06\/Krupowki-2-1152x1536.jpg 1152w, https:\/\/kozackaczytelnia.pl\/wp-content\/uploads\/2022\/06\/Krupowki-2-1536x2048.jpg 1536w, https:\/\/kozackaczytelnia.pl\/wp-content\/uploads\/2022\/06\/Krupowki-2-300x400.jpg 300w, https:\/\/kozackaczytelnia.pl\/wp-content\/uploads\/2022\/06\/Krupowki-2-scaled.jpg 1920w\" sizes=\"auto, (max-width: 768px) 100vw, 768px\" \/><\/figure>\n<\/div>\n\n\n<p><strong>Je\u015bli chcesz wesprze\u0107 moj\u0105 dzia\u0142alno\u015b\u0107 na blogu, postaw mi wirtualn\u0105 kaw\u0119. Przecie\u017c wiadomo, \u017ce kawa i ksi\u0105\u017cki to duet doskona\u0142y. Dzi\u0119kuj\u0119 za Twoje wsparcie!<\/strong><\/p>\n\n\n\n<a href=\"https:\/\/buycoffee.to\/kozackaczytelnia\" target=\"_blank\" rel=\"noopener\"><img decoding=\"async\" src=\"https:\/\/buycoffee.to\/btn\/buycoffeeto-btn-primary.svg\" style=\"width: 300px\" alt=\"Postaw mi kaw\u0119 na buycoffee.to\"><\/a>\n","protected":false},"excerpt":{"rendered":"<p>Ksi\u0105\u017ck\u0119 dosta\u0142am na ostatnie \u015bwi\u0119ta Bo\u017cego Narodzenia i cierpliwie czeka\u0142a ona na swoj\u0105 kolej. Nigdy Krup\u00f3wek na \u017cywo na tamten moment nie widzia\u0142am, wi\u0119c nie bardzo wiedzia\u0142am, z czym si\u0119 mierz\u0105 autorzy ksi\u0105\u017cki. Cho\u0107 publikacja P. Mazika i K. Szpilki nie jest przewodnikiem ani po Krup\u00f3wkach, ani po Zakopanem. W og\u00f3le ma\u0142o tam wsp\u00f3\u0142czesno\u015bci, co&hellip;&nbsp;<a href=\"https:\/\/kozackaczytelnia.pl\/index.php\/2022\/05\/02\/piotr-mazik-i-kuba-szpilka-krupowki\/\" rel=\"bookmark\"><span class=\"screen-reader-text\">Piotr Mazik i Kuba Szpilka Krup\u00f3wki<\/span><\/a><\/p>\n","protected":false},"author":1,"featured_media":426,"comment_status":"open","ping_status":"open","sticky":false,"template":"","format":"standard","meta":{"_monsterinsights_skip_tracking":false,"_monsterinsights_sitenote_active":false,"_monsterinsights_sitenote_note":"","_monsterinsights_sitenote_category":0,"neve_meta_sidebar":"","neve_meta_container":"","neve_meta_enable_content_width":"","neve_meta_content_width":0,"neve_meta_title_alignment":"","neve_meta_author_avatar":"","neve_post_elements_order":"","neve_meta_disable_header":"","neve_meta_disable_footer":"","neve_meta_disable_title":"","footnotes":""},"categories":[22],"tags":[16,4,3],"class_list":["post-321","post","type-post","status-publish","format-standard","has-post-thumbnail","hentry","category-literatura-polska","tag-literaturapolska","tag-nonficion","tag-reportaz"],"_links":{"self":[{"href":"https:\/\/kozackaczytelnia.pl\/index.php\/wp-json\/wp\/v2\/posts\/321","targetHints":{"allow":["GET"]}}],"collection":[{"href":"https:\/\/kozackaczytelnia.pl\/index.php\/wp-json\/wp\/v2\/posts"}],"about":[{"href":"https:\/\/kozackaczytelnia.pl\/index.php\/wp-json\/wp\/v2\/types\/post"}],"author":[{"embeddable":true,"href":"https:\/\/kozackaczytelnia.pl\/index.php\/wp-json\/wp\/v2\/users\/1"}],"replies":[{"embeddable":true,"href":"https:\/\/kozackaczytelnia.pl\/index.php\/wp-json\/wp\/v2\/comments?post=321"}],"version-history":[{"count":3,"href":"https:\/\/kozackaczytelnia.pl\/index.php\/wp-json\/wp\/v2\/posts\/321\/revisions"}],"predecessor-version":[{"id":427,"href":"https:\/\/kozackaczytelnia.pl\/index.php\/wp-json\/wp\/v2\/posts\/321\/revisions\/427"}],"wp:featuredmedia":[{"embeddable":true,"href":"https:\/\/kozackaczytelnia.pl\/index.php\/wp-json\/wp\/v2\/media\/426"}],"wp:attachment":[{"href":"https:\/\/kozackaczytelnia.pl\/index.php\/wp-json\/wp\/v2\/media?parent=321"}],"wp:term":[{"taxonomy":"category","embeddable":true,"href":"https:\/\/kozackaczytelnia.pl\/index.php\/wp-json\/wp\/v2\/categories?post=321"},{"taxonomy":"post_tag","embeddable":true,"href":"https:\/\/kozackaczytelnia.pl\/index.php\/wp-json\/wp\/v2\/tags?post=321"}],"curies":[{"name":"wp","href":"https:\/\/api.w.org\/{rel}","templated":true}]}}