{"id":339,"date":"2022-05-30T08:07:25","date_gmt":"2022-05-30T06:07:25","guid":{"rendered":"https:\/\/kozackaczytelnia.pl\/?p=339"},"modified":"2022-05-31T17:53:21","modified_gmt":"2022-05-31T15:53:21","slug":"wanda-rutkiewicz-biografia-najwybitniejszej-polskiej-himalaistki","status":"publish","type":"post","link":"https:\/\/kozackaczytelnia.pl\/index.php\/2022\/05\/30\/wanda-rutkiewicz-biografia-najwybitniejszej-polskiej-himalaistki\/","title":{"rendered":"Wanda Rutkiewicz: biografia najwybitniejszej polskiej himalaistki"},"content":{"rendered":"\n<p>W tym miesi\u0105cu min\u0119\u0142a dok\u0142adnie 30. rocznica \u015bmierci Wandy Rutkiewicz, niezaprzeczalnie wybitnej polskiej himalaistki, kt\u00f3ra zagin\u0119\u0142a w maju 1992 roku podczas wspinaczki na Kanczendzong\u0119, trzeci co do wysoko\u015bci szczyt \u015bwiata. Kobieta zagin\u0119\u0142a, a z czasem zosta\u0142a uznana za zmar\u0142\u0105 dok\u0142adnie 13 maja i to zdaje si\u0119, \u017ce dok\u0142adnie tego dnia natrafi\u0142am na do\u015b\u0107 obszerny artyku\u0142 o jej nie\u0142atwym \u017cyciu. Posta\u0107 ta by\u0142a mi znana, cho\u0107 nigdy specjalnie nie zg\u0142\u0119bia\u0142am informacji na jej temat. Okaza\u0142o si\u0119, \u017ce w moim pakiecie na Legimi jest dost\u0119pna ksi\u0105\u017cka o jej \u017cyciu, wi\u0119c zacz\u0119\u0142am czyta\u0107, \u017ceby dowiedzie\u0107 si\u0119 wi\u0119cej.<\/p>\n\n\n\n<h2 class=\"wp-block-heading\">Nie\u0142atwy charakter<\/h2>\n\n\n\n<p>Anna Kami\u0144ska, w ksi\u0105\u017cce <em>Wanda. Opowie\u015b\u0107 o sile \u017cycia i \u015bmierci. Historia Wandy Rutkiewicz, <\/em>przybli\u017caj\u0105c posta\u0107 himalaistki, si\u0119ga do najr\u00f3\u017cniejszych \u017ar\u00f3de\u0142. Nie brakuje tam te\u017c wspomnie\u0144 os\u00f3b z jej najbli\u017cszego otoczenia, w tym tak\u017ce tych, kt\u00f3rzy si\u0119 z ni\u0105 wspinali. Wielokrotnie pojawiaj\u0105 si\u0119 tam, mniej lub bardziej wprost wypowiedziane stwierdzenia, \u017ce by\u0142a to bardzo trudna we wsp\u00f3\u0142\u017cyciu osoba. Nieustannie goni\u0142a za kolejnymi rekordami, a jej ogromne (\u017ceby nie powiedzie\u0107 chore) ambicje niejednokrotnie przys\u0142ania\u0142y jej trosk\u0119 o drugiego cz\u0142owieka. <\/p>\n\n\n\n<h2 class=\"wp-block-heading\">Czy trudne dzieci\u0144stwo wyku\u0142o jej charakter?<\/h2>\n\n\n\n<p>Nie ulega w\u0105tpliwo\u015bci, \u017ce Wanda Rutkiewicz boryka\u0142a si\u0119 od najm\u0142odszych lat z wieloma przeciwno\u015bciami losu. W wieku raptem kilku lat tragicznie zgin\u0105\u0142 jej starszy brat, co ostatecznie wp\u0142yn\u0119\u0142o na rozpad ma\u0142\u017ce\u0144stwa jej rodzic\u00f3w. Wanda sta\u0142a si\u0119 najstarsz\u0105 spo\u015br\u00f3d rodze\u0144stwa i prawdopodobnie swoimi osi\u0105gni\u0119ciami sportowymi pr\u00f3bowa\u0142a udowodni\u0107 wycofanemu z \u017cycia rodziny ojcu, \u017ce jest warto\u015bciowa i do\u015b\u0107 dobra. Przez d\u0142ugi czas jej rodzice \u017cyli w jakim\u015b dziwnym uk\u0142adzie, jeszcze nie rozwiedzeni, te\u017c nie za bardzo w separacji. Ojciec niby by\u0142 w domu i w odr\u00f3\u017cnieniu od matki pracowa\u0142, jednak rodzina \u017cy\u0142a w du\u017cej biedzie, co widzieli znajomi ze szko\u0142y. Jednocze\u015bnie ojciec by\u0142 jej bardzo bliski, st\u0105d te\u017c himalaistka bardzo prze\u017cy\u0142a jego morderstwo. W dodatku by\u0142a t\u0105 osob\u0105, kt\u00f3ra identyfikowa\u0142a cia\u0142o i dokonywa\u0142a ogl\u0119dzin miejsca zbrodni. <\/p>\n\n\n\n<h2 class=\"wp-block-heading\">Otoczona g\u00f3rami i \u015bmierci\u0105<\/h2>\n\n\n\n<p>Jej \u017cycie uczuciowe te\u017c nie uk\u0142ada\u0142o si\u0119 najlepiej, przechodzi\u0142a wiele nieudanych zwi\u0105zk\u00f3w i mia\u0142a na swoim koncie dwa rozwody. Na pocz\u0105tku lat 90. Wanda Rutkiewicz by\u0142a zwi\u0105zana z niemieckim neurochirurgiem i wydawa\u0142oby si\u0119, \u017ce to dobrze rokuj\u0105cy zwi\u0105zek. Jednak jej partner zgin\u0105\u0142 w g\u00f3rach, podczas wsp\u00f3lnej wspinaczki na Broad Peak. W zasadzie na oczach partnerki. Himalaistka straci\u0142a w g\u00f3rach wielu swoich przyjaci\u00f3\u0142 i znajomych. Jednak \u017cadna z tych sytuacji nie zniech\u0119ci\u0142a jej do dalszych eskapad. <\/p>\n\n\n\n<h2 class=\"wp-block-heading\">Troch\u0119 ma\u0142o g\u00f3r <\/h2>\n\n\n\n<p>Czytaj\u0105c recenzje ksi\u0105\u017cki Anny Kami\u0144skiej, natrafi\u0142am na opinie, \u017ce jest w niej zdecydowanie zbyt ma\u0142o g\u00f3r i ich opisu jak na pozycj\u0119 tak silnie z g\u00f3rami zwi\u0105zan\u0105. Faktem jest, \u017ce jest ich tam zdecydowanie mniej ni\u017c chocia\u017cby w <em><a href=\"https:\/\/kozackaczytelnia.pl\/index.php\/2022\/05\/02\/piotr-mazik-i-kuba-szpilka-krupowki\/\">Krup\u00f3wkach<\/a><\/em> Mazika i Szpilki, jednak to nie geografii od tej ksi\u0105\u017cki oczekiwa\u0142am. Liczy\u0142am na poruszaj\u0105c\u0105 histori\u0119 niezwykle silnej i charyzmatycznej kobiety i dok\u0142adnie to dosta\u0142am. <\/p>\n\n\n\n<p><\/p>\n\n\n\n<h2 class=\"wp-block-heading\">Moja ocena: \u2605\u2605\u2605\u2605\u2605\u2605\u2605\u2606\u2606\u2606<\/h2>\n\n\n\n<p><\/p>\n\n\n\n<p><a rel=\"noreferrer noopener\" href=\"https:\/\/buycoffee.to\/kozackaczytelnia\" target=\"_blank\"><\/a><\/p>\n\n\n<div class=\"wp-block-image\">\n<figure class=\"aligncenter size-large\"><img loading=\"lazy\" decoding=\"async\" width=\"742\" height=\"1024\" src=\"https:\/\/kozackaczytelnia.pl\/wp-content\/uploads\/2022\/05\/Wanda.-Opowiesc-o-sile-zycia-i-smierci.-Historia-Wandy-Rutkiewicz-742x1024.jpg\" alt=\"Ok\u0142adka ksi\u0105\u017cki &quot;Wanda. Opowie\u015b\u0107 o sile \u017cycia i \u015bmierci. Historia Wandy Rutkiewicz&quot;\" class=\"wp-image-340\" srcset=\"https:\/\/kozackaczytelnia.pl\/wp-content\/uploads\/2022\/05\/Wanda.-Opowiesc-o-sile-zycia-i-smierci.-Historia-Wandy-Rutkiewicz-742x1024.jpg 742w, https:\/\/kozackaczytelnia.pl\/wp-content\/uploads\/2022\/05\/Wanda.-Opowiesc-o-sile-zycia-i-smierci.-Historia-Wandy-Rutkiewicz-218x300.jpg 218w, https:\/\/kozackaczytelnia.pl\/wp-content\/uploads\/2022\/05\/Wanda.-Opowiesc-o-sile-zycia-i-smierci.-Historia-Wandy-Rutkiewicz-768x1059.jpg 768w, https:\/\/kozackaczytelnia.pl\/wp-content\/uploads\/2022\/05\/Wanda.-Opowiesc-o-sile-zycia-i-smierci.-Historia-Wandy-Rutkiewicz-290x400.jpg 290w, https:\/\/kozackaczytelnia.pl\/wp-content\/uploads\/2022\/05\/Wanda.-Opowiesc-o-sile-zycia-i-smierci.-Historia-Wandy-Rutkiewicz.jpg 1073w\" sizes=\"auto, (max-width: 742px) 100vw, 742px\" \/><figcaption>\u0179r\u00f3d\u0142o: Legimi.pl<\/figcaption><\/figure>\n<\/div>\n\n\n<p><strong>Je\u015bli chcesz wesprze\u0107 moj\u0105 dzia\u0142alno\u015b\u0107 na blogu, postaw mi wirtualn\u0105 kaw\u0119. Przecie\u017c wiadomo, \u017ce kawa i ksi\u0105\u017cki to duet doskona\u0142y. Dzi\u0119kuj\u0119 za Twoje wsparcie!<\/strong><\/p>\n\n\n\n<a href=\"https:\/\/buycoffee.to\/kozackaczytelnia\" target=\"_blank\" rel=\"noopener\"><img decoding=\"async\" src=\"https:\/\/buycoffee.to\/btn\/buycoffeeto-btn-primary.svg\" style=\"width: 300px\" alt=\"Postaw mi kaw\u0119 na buycoffee.to\"><\/a>\n","protected":false},"excerpt":{"rendered":"<p>W tym miesi\u0105cu min\u0119\u0142a dok\u0142adnie 30. rocznica \u015bmierci Wandy Rutkiewicz, niezaprzeczalnie wybitnej polskiej himalaistki, kt\u00f3ra zagin\u0119\u0142a w maju 1992 roku podczas wspinaczki na Kanczendzong\u0119, trzeci co do wysoko\u015bci szczyt \u015bwiata. Kobieta zagin\u0119\u0142a, a z czasem zosta\u0142a uznana za zmar\u0142\u0105 dok\u0142adnie 13 maja i to zdaje si\u0119, \u017ce dok\u0142adnie tego dnia natrafi\u0142am na do\u015b\u0107 obszerny artyku\u0142&hellip;&nbsp;<a href=\"https:\/\/kozackaczytelnia.pl\/index.php\/2022\/05\/30\/wanda-rutkiewicz-biografia-najwybitniejszej-polskiej-himalaistki\/\" rel=\"bookmark\"><span class=\"screen-reader-text\">Wanda Rutkiewicz: biografia najwybitniejszej polskiej himalaistki<\/span><\/a><\/p>\n","protected":false},"author":1,"featured_media":340,"comment_status":"open","ping_status":"open","sticky":false,"template":"","format":"standard","meta":{"_monsterinsights_skip_tracking":false,"_monsterinsights_sitenote_active":false,"_monsterinsights_sitenote_note":"","_monsterinsights_sitenote_category":0,"neve_meta_sidebar":"","neve_meta_container":"","neve_meta_enable_content_width":"","neve_meta_content_width":0,"neve_meta_title_alignment":"","neve_meta_author_avatar":"","neve_post_elements_order":"","neve_meta_disable_header":"","neve_meta_disable_footer":"","neve_meta_disable_title":"","footnotes":""},"categories":[22],"tags":[67,51,69,16,4,66,68],"class_list":["post-339","post","type-post","status-publish","format-standard","has-post-thumbnail","hentry","category-literatura-polska","tag-annakaminska","tag-biografia","tag-gory","tag-literaturapolska","tag-nonficion","tag-wandarutkiewicz","tag-wspomnienia"],"_links":{"self":[{"href":"https:\/\/kozackaczytelnia.pl\/index.php\/wp-json\/wp\/v2\/posts\/339","targetHints":{"allow":["GET"]}}],"collection":[{"href":"https:\/\/kozackaczytelnia.pl\/index.php\/wp-json\/wp\/v2\/posts"}],"about":[{"href":"https:\/\/kozackaczytelnia.pl\/index.php\/wp-json\/wp\/v2\/types\/post"}],"author":[{"embeddable":true,"href":"https:\/\/kozackaczytelnia.pl\/index.php\/wp-json\/wp\/v2\/users\/1"}],"replies":[{"embeddable":true,"href":"https:\/\/kozackaczytelnia.pl\/index.php\/wp-json\/wp\/v2\/comments?post=339"}],"version-history":[{"count":10,"href":"https:\/\/kozackaczytelnia.pl\/index.php\/wp-json\/wp\/v2\/posts\/339\/revisions"}],"predecessor-version":[{"id":353,"href":"https:\/\/kozackaczytelnia.pl\/index.php\/wp-json\/wp\/v2\/posts\/339\/revisions\/353"}],"wp:featuredmedia":[{"embeddable":true,"href":"https:\/\/kozackaczytelnia.pl\/index.php\/wp-json\/wp\/v2\/media\/340"}],"wp:attachment":[{"href":"https:\/\/kozackaczytelnia.pl\/index.php\/wp-json\/wp\/v2\/media?parent=339"}],"wp:term":[{"taxonomy":"category","embeddable":true,"href":"https:\/\/kozackaczytelnia.pl\/index.php\/wp-json\/wp\/v2\/categories?post=339"},{"taxonomy":"post_tag","embeddable":true,"href":"https:\/\/kozackaczytelnia.pl\/index.php\/wp-json\/wp\/v2\/tags?post=339"}],"curies":[{"name":"wp","href":"https:\/\/api.w.org\/{rel}","templated":true}]}}