{"id":737,"date":"2023-06-26T12:03:10","date_gmt":"2023-06-26T10:03:10","guid":{"rendered":"https:\/\/kozackaczytelnia.pl\/?p=737"},"modified":"2023-06-26T21:55:42","modified_gmt":"2023-06-26T19:55:42","slug":"kontrowersyjna-powiesc-graficzna","status":"publish","type":"post","link":"https:\/\/kozackaczytelnia.pl\/index.php\/2023\/06\/26\/kontrowersyjna-powiesc-graficzna\/","title":{"rendered":"Kontrowersyjna powie\u015b\u0107 graficzna"},"content":{"rendered":"\n<p>Pozwoli\u0142am sobie na ten zadziorny tytu\u0142 wy\u0142\u0105cznie dlatego, \u017ce publikacja tej ksi\u0105\u017cki swego czasu wywo\u0142a\u0142a gor\u0105c\u0105 dyskusj\u0119. Tematyka II wojny \u015bwiatowej i Zag\u0142ady \u017byd\u00f3w nie wszystkim pasowa\u0142a do rodzaju dzie\u0142a literackiego, jakim jest komiks. <em>Maus <\/em>Arta Spiegelmana zosta\u0142 wydany w Polsce do\u015b\u0107 p\u00f3\u017ano, bo dopiero w 2001 roku (ameryka\u0144skie wydanie w 1986 r.). Dlaczego? Z uwagi na to, \u017ce Polakom przypad\u0142 w ksi\u0105\u017cce niechlubny wizerunek \u015bwi\u0144, uznano, \u017ce ma charakter antypolski. Czy s\u0142usznie?<\/p>\n\n\n<div class=\"wp-block-image\">\n<figure class=\"aligncenter size-large\"><img loading=\"lazy\" decoding=\"async\" width=\"768\" height=\"1024\" src=\"https:\/\/kozackaczytelnia.pl\/wp-content\/uploads\/2023\/06\/Maus-3-768x1024.jpeg\" alt=\"\" class=\"wp-image-738\" srcset=\"https:\/\/kozackaczytelnia.pl\/wp-content\/uploads\/2023\/06\/Maus-3-768x1024.jpeg 768w, https:\/\/kozackaczytelnia.pl\/wp-content\/uploads\/2023\/06\/Maus-3-225x300.jpeg 225w, https:\/\/kozackaczytelnia.pl\/wp-content\/uploads\/2023\/06\/Maus-3-1152x1536.jpeg 1152w, https:\/\/kozackaczytelnia.pl\/wp-content\/uploads\/2023\/06\/Maus-3-1536x2048.jpeg 1536w, https:\/\/kozackaczytelnia.pl\/wp-content\/uploads\/2023\/06\/Maus-3-300x400.jpeg 300w, https:\/\/kozackaczytelnia.pl\/wp-content\/uploads\/2023\/06\/Maus-3-scaled.jpeg 1920w\" sizes=\"auto, (max-width: 768px) 100vw, 768px\" \/><\/figure>\n<\/div>\n\n\n<p class=\"has-text-align-center\">Art Spiegelman <em>Maus<\/em><\/p>\n\n\n\n<h2 class=\"wp-block-heading\">O czym jest ta historia?<\/h2>\n\n\n\n<p><em>Ma<\/em>us jest uznany za jeden z najwa\u017cniejszych komiks\u00f3w w historii. To prawdziwa historia prze\u017cy\u0107 ojca jego autora, czyli W\u0142adys\u0142awa Spiegelmana. Kim by\u0142? Polskim \u017bydem. Mieszka\u0142 w Sosnowcu i tam zasta\u0142a go II wojna \u015bwiatowa. <em>Maus <\/em>to \u0142\u0105cznie dwa tomy o \u017cyciu rodziny \u017cydowskiej oraz wszystkich do\u015bwiadczeniach, jakie zes\u0142a\u0142a na nich wojna. W moim odczuciu ta opowie\u015b\u0107 jest jednocze\u015bnie obrazem tego, jak Holokaust zmieni\u0142 charaktery, cia\u0142a i po prostu ca\u0142e \u017cycia ludzi, kt\u00f3rzy go prze\u017cyli. <\/p>\n\n\n<div class=\"wp-block-image\">\n<figure class=\"aligncenter size-large\"><img loading=\"lazy\" decoding=\"async\" width=\"768\" height=\"1024\" src=\"https:\/\/kozackaczytelnia.pl\/wp-content\/uploads\/2023\/06\/Maus-2-768x1024.jpeg\" alt=\"\" class=\"wp-image-740\" srcset=\"https:\/\/kozackaczytelnia.pl\/wp-content\/uploads\/2023\/06\/Maus-2-768x1024.jpeg 768w, https:\/\/kozackaczytelnia.pl\/wp-content\/uploads\/2023\/06\/Maus-2-225x300.jpeg 225w, https:\/\/kozackaczytelnia.pl\/wp-content\/uploads\/2023\/06\/Maus-2-1152x1536.jpeg 1152w, https:\/\/kozackaczytelnia.pl\/wp-content\/uploads\/2023\/06\/Maus-2-1536x2048.jpeg 1536w, https:\/\/kozackaczytelnia.pl\/wp-content\/uploads\/2023\/06\/Maus-2-300x400.jpeg 300w, https:\/\/kozackaczytelnia.pl\/wp-content\/uploads\/2023\/06\/Maus-2-scaled.jpeg 1920w\" sizes=\"auto, (max-width: 768px) 100vw, 768px\" \/><\/figure>\n<\/div>\n\n\n<p class=\"has-text-align-center\">Art Spiegelman <em>Maus<\/em><\/p>\n\n\n\n<h2 class=\"wp-block-heading\">Czy to odpowiednia tematyka na powie\u015b\u0107 graficzn\u0105?<\/h2>\n\n\n\n<p>Uwa\u017cam, \u017ce tak. Komiks jest utrzymany w kolorystyce czarno-bia\u0142ej. Do\u015b\u0107 gruba kreska pocz\u0105tkowo wydawa\u0142a mi si\u0119 ci\u0119\u017cka i toporna, jednak po przerzuceniu kilku pierwszych stron przesta\u0142am w og\u00f3le o tym my\u015ble\u0107. Narracja jest p\u0142ynna, czyta si\u0119 naprawd\u0119 dobrze. Obraz nie dominuje nad tre\u015bci\u0105 i nie t\u0142umi s\u0142\u00f3w. Historia, kt\u00f3r\u0105 opowiada autor jest smutna i tragiczna. Z drugiej jednak strony, kt\u00f3ra historia o II wojnie \u015bwiatowej taka nie jest?<\/p>\n\n\n\n<h2 class=\"wp-block-heading\">Moja ocena: \u2605\u2605\u2605\u2605\u2605\u2605\u2605\u2605\u2606\u2606<\/h2>\n\n\n<div class=\"wp-block-image\">\n<figure class=\"aligncenter size-large\"><img loading=\"lazy\" decoding=\"async\" width=\"768\" height=\"1024\" src=\"https:\/\/kozackaczytelnia.pl\/wp-content\/uploads\/2023\/06\/Maus-1-768x1024.jpeg\" alt=\"\" class=\"wp-image-739\" srcset=\"https:\/\/kozackaczytelnia.pl\/wp-content\/uploads\/2023\/06\/Maus-1-768x1024.jpeg 768w, https:\/\/kozackaczytelnia.pl\/wp-content\/uploads\/2023\/06\/Maus-1-225x300.jpeg 225w, https:\/\/kozackaczytelnia.pl\/wp-content\/uploads\/2023\/06\/Maus-1-1152x1536.jpeg 1152w, https:\/\/kozackaczytelnia.pl\/wp-content\/uploads\/2023\/06\/Maus-1-1536x2048.jpeg 1536w, https:\/\/kozackaczytelnia.pl\/wp-content\/uploads\/2023\/06\/Maus-1-300x400.jpeg 300w, https:\/\/kozackaczytelnia.pl\/wp-content\/uploads\/2023\/06\/Maus-1-scaled.jpeg 1920w\" sizes=\"auto, (max-width: 768px) 100vw, 768px\" \/><\/figure>\n<\/div>\n\n\n<p class=\"has-text-align-center\">Art Spiegelman <em>Maus<\/em><\/p>\n\n\n\n<p><strong>Je\u015bli chcesz wesprze\u0107 moj\u0105 dzia\u0142alno\u015b\u0107 na blogu, postaw mi wirtualn\u0105 kaw\u0119. Przecie\u017c wiadomo, \u017ce kawa i ksi\u0105\u017cki to duet doskona\u0142y. Dzi\u0119kuj\u0119 za Twoje wsparcie!<\/strong><\/p>\n\n\n\n<a href=\"https:\/\/buycoffee.to\/kozackaczytelnia\" target=\"_blank\" rel=\"noopener\"><img decoding=\"async\" src=\"https:\/\/buycoffee.to\/btn\/buycoffeeto-btn-primary.svg\" style=\"width: 300px\" alt=\"Postaw mi kaw\u0119 na buycoffee.to\"><\/a>\n","protected":false},"excerpt":{"rendered":"<p>Pozwoli\u0142am sobie na ten zadziorny tytu\u0142 wy\u0142\u0105cznie dlatego, \u017ce publikacja tej ksi\u0105\u017cki swego czasu wywo\u0142a\u0142a gor\u0105c\u0105 dyskusj\u0119. Tematyka II wojny \u015bwiatowej i Zag\u0142ady \u017byd\u00f3w nie wszystkim pasowa\u0142a do rodzaju dzie\u0142a literackiego, jakim jest komiks. Maus Arta Spiegelmana zosta\u0142 wydany w Polsce do\u015b\u0107 p\u00f3\u017ano, bo dopiero w 2001 roku (ameryka\u0144skie wydanie w 1986 r.). Dlaczego? Z&hellip;&nbsp;<a href=\"https:\/\/kozackaczytelnia.pl\/index.php\/2023\/06\/26\/kontrowersyjna-powiesc-graficzna\/\" rel=\"bookmark\"><span class=\"screen-reader-text\">Kontrowersyjna powie\u015b\u0107 graficzna<\/span><\/a><\/p>\n","protected":false},"author":1,"featured_media":738,"comment_status":"open","ping_status":"open","sticky":false,"template":"","format":"standard","meta":{"_monsterinsights_skip_tracking":false,"_monsterinsights_sitenote_active":false,"_monsterinsights_sitenote_note":"","_monsterinsights_sitenote_category":0,"neve_meta_sidebar":"","neve_meta_container":"","neve_meta_enable_content_width":"","neve_meta_content_width":0,"neve_meta_title_alignment":"","neve_meta_author_avatar":"","neve_post_elements_order":"","neve_meta_disable_header":"","neve_meta_disable_footer":"","neve_meta_disable_title":"","footnotes":""},"categories":[91],"tags":[51,92,39,4,118],"class_list":["post-737","post","type-post","status-publish","format-standard","has-post-thumbnail","hentry","category-komiks","tag-biografia","tag-komiks","tag-literaturazagraniczna","tag-nonficion","tag-powiescgraficzna"],"_links":{"self":[{"href":"https:\/\/kozackaczytelnia.pl\/index.php\/wp-json\/wp\/v2\/posts\/737","targetHints":{"allow":["GET"]}}],"collection":[{"href":"https:\/\/kozackaczytelnia.pl\/index.php\/wp-json\/wp\/v2\/posts"}],"about":[{"href":"https:\/\/kozackaczytelnia.pl\/index.php\/wp-json\/wp\/v2\/types\/post"}],"author":[{"embeddable":true,"href":"https:\/\/kozackaczytelnia.pl\/index.php\/wp-json\/wp\/v2\/users\/1"}],"replies":[{"embeddable":true,"href":"https:\/\/kozackaczytelnia.pl\/index.php\/wp-json\/wp\/v2\/comments?post=737"}],"version-history":[{"count":4,"href":"https:\/\/kozackaczytelnia.pl\/index.php\/wp-json\/wp\/v2\/posts\/737\/revisions"}],"predecessor-version":[{"id":747,"href":"https:\/\/kozackaczytelnia.pl\/index.php\/wp-json\/wp\/v2\/posts\/737\/revisions\/747"}],"wp:featuredmedia":[{"embeddable":true,"href":"https:\/\/kozackaczytelnia.pl\/index.php\/wp-json\/wp\/v2\/media\/738"}],"wp:attachment":[{"href":"https:\/\/kozackaczytelnia.pl\/index.php\/wp-json\/wp\/v2\/media?parent=737"}],"wp:term":[{"taxonomy":"category","embeddable":true,"href":"https:\/\/kozackaczytelnia.pl\/index.php\/wp-json\/wp\/v2\/categories?post=737"},{"taxonomy":"post_tag","embeddable":true,"href":"https:\/\/kozackaczytelnia.pl\/index.php\/wp-json\/wp\/v2\/tags?post=737"}],"curies":[{"name":"wp","href":"https:\/\/api.w.org\/{rel}","templated":true}]}}